{"id":3154,"date":"2026-01-13T16:30:01","date_gmt":"2026-01-13T15:30:01","guid":{"rendered":"https:\/\/feybamwen.fr\/chantier\/?page_id=3154"},"modified":"2026-09-02T23:36:51","modified_gmt":"2026-09-02T21:36:51","slug":"menuisier-interieur-exterieur","status":"publish","type":"post","link":"https:\/\/feybamwen.fr\/chantier\/menuisier-interieur-exterieur\/","title":{"rendered":"Menuisier (int\u00e9rieur\/ext\u00e9rieur)"},"content":{"rendered":"\t\t<div data-elementor-type=\"wp-post\" data-elementor-id=\"3154\" class=\"elementor elementor-3154\" data-elementor-post-type=\"post\">\n\t\t\t\t<div class=\"elementor-element elementor-element-cad649e e-con-full e-flex e-con e-parent\" data-id=\"cad649e\" data-element_type=\"container\" data-e-type=\"container\">\n\t\t<div class=\"elementor-element elementor-element-bdd0f58 e-con-full e-flex e-con e-child\" data-id=\"bdd0f58\" data-element_type=\"container\" data-e-type=\"container\" data-settings=\"{&quot;background_background&quot;:&quot;classic&quot;}\">\n\t\t\t\t<\/div>\n\t\t<div class=\"elementor-element elementor-element-75a7a96 e-con-full e-flex e-con e-child\" data-id=\"75a7a96\" data-element_type=\"container\" data-e-type=\"container\">\n\t\t<div class=\"elementor-element elementor-element-1cd29e2 e-con-full e-flex e-con e-child\" data-id=\"1cd29e2\" data-element_type=\"container\" data-e-type=\"container\" data-settings=\"{&quot;background_background&quot;:&quot;classic&quot;}\">\n\t\t\t\t<div class=\"elementor-element elementor-element-4b4aa04 elementor-widget elementor-widget-spacer\" data-id=\"4b4aa04\" data-element_type=\"widget\" data-e-type=\"widget\" data-settings=\"{&quot;ekit_we_effect_on&quot;:&quot;none&quot;}\" data-widget_type=\"spacer.default\">\n\t\t\t\t<div class=\"elementor-widget-container\">\n\t\t\t\t\t\t\t<div class=\"elementor-spacer\">\n\t\t\t<div class=\"elementor-spacer-inner\"><\/div>\n\t\t<\/div>\n\t\t\t\t\t\t<\/div>\n\t\t\t\t<\/div>\n\t\t\t\t<\/div>\n\t\t<div class=\"elementor-element elementor-element-92efd78 e-con-full e-flex e-con e-child\" data-id=\"92efd78\" data-element_type=\"container\" data-e-type=\"container\">\n\t\t\t\t<div class=\"elementor-element elementor-element-eef25b2 elementor-widget elementor-widget-html\" data-id=\"eef25b2\" data-element_type=\"widget\" data-e-type=\"widget\" data-settings=\"{&quot;ekit_we_effect_on&quot;:&quot;none&quot;}\" data-widget_type=\"html.default\">\n\t\t\t\t<div class=\"elementor-widget-container\">\n\t\t\t\t\t<div style=\"padding: 10px 0;\">\n\n    <h2 style=\"font-size: 1.7rem; font-weight: 700; color: #1A1A1A; margin: 0 0 18px 0; line-height: 1.3;\">\n        Menuiserie Int\u00e9rieure et Ext\u00e9rieure\n    <\/h2>\n\n    <p style=\"font-size: 1rem; color: #4A4A4A; line-height: 1.7; font-weight: 300; margin: 0 0 30px 0;\">\n        Nos menuisiers r\u00e9alisent vos projets sur mesure avec savoir-faire et pr\u00e9cision.\n    <\/p>\n\n    <h3 style=\"font-size: 1.1rem; font-weight: 600; color: #1A1A1A; margin: 0 0 18px 0;\">\n        Prestations menuiserie :\n    <\/h3>\n\n    <ul style=\"list-style: none; padding: 0; margin: 0 0 30px 0;\">\n        <li style=\"display: flex; align-items: flex-start; gap: 10px; padding: 8px 0; color: #4A4A4A; font-size: 0.95rem; font-weight: 300;\">\n            <span style=\"color: #C17A3D; font-weight: 700;\">\u2713<\/span> Fabrication meubles sur mesure\n        <\/li>\n        <li style=\"display: flex; align-items: flex-start; gap: 10px; padding: 8px 0; color: #4A4A4A; font-size: 0.95rem; font-weight: 300;\">\n            <span style=\"color: #C17A3D; font-weight: 700;\">\u2713<\/span> Pose portes et fen\u00eatres\n        <\/li>\n        <li style=\"display: flex; align-items: flex-start; gap: 10px; padding: 8px 0; color: #4A4A4A; font-size: 0.95rem; font-weight: 300;\">\n            <span style=\"color: #C17A3D; font-weight: 700;\">\u2713<\/span> Agencement int\u00e9rieur\n        <\/li>\n        <li style=\"display: flex; align-items: flex-start; gap: 10px; padding: 8px 0; color: #4A4A4A; font-size: 0.95rem; font-weight: 300;\">\n            <span style=\"color: #C17A3D; font-weight: 700;\">\u2713<\/span> Terrasse bois et pergola\n        <\/li>\n        <li style=\"display: flex; align-items: flex-start; gap: 10px; padding: 8px 0; color: #4A4A4A; font-size: 0.95rem; font-weight: 300;\">\n            <span style=\"color: #C17A3D; font-weight: 700;\">\u2713<\/span> Escaliers en bois\n        <\/li>\n        <li style=\"display: flex; align-items: flex-start; gap: 10px; padding: 8px 0; color: #4A4A4A; font-size: 0.95rem; font-weight: 300;\">\n            <span style=\"color: #C17A3D; font-weight: 700;\">\u2713<\/span> Parquet et lambris\n        <\/li>\n        <li style=\"display: flex; align-items: flex-start; gap: 10px; padding: 8px 0; color: #4A4A4A; font-size: 0.95rem; font-weight: 300;\">\n            <span style=\"color: #C17A3D; font-weight: 700;\">\u2713<\/span> R\u00e9novation menuiseries\n        <\/li>\n    <\/ul>\n\n    <h3 style=\"font-size: 1.1rem; font-weight: 600; color: #1A1A1A; margin: 0 0 12px 0;\">\n        Bois tropical sp\u00e9cialis\u00e9\n    <\/h3>\n\n    <p style=\"font-size: 0.95rem; color: #4A4A4A; line-height: 1.7; font-weight: 300; margin: 0;\">\n        Expertise en essences locales adapt\u00e9es au climat.\n    <\/p>\n\n<\/div>\t\t\t\t<\/div>\n\t\t\t\t<\/div>\n\t\t\t\t<\/div>\n\t\t\t\t<\/div>\n\t\t<div class=\"elementor-element elementor-element-d6b6cf5 e-grid e-con-full e-con e-child\" data-id=\"d6b6cf5\" data-element_type=\"container\" data-e-type=\"container\" data-settings=\"{&quot;background_background&quot;:&quot;classic&quot;}\">\n\t\t\t\t<div class=\"elementor-element elementor-element-115f305 elementor-align-right elementor-mobile-align-center elementor-widget elementor-widget-button\" data-id=\"115f305\" data-element_type=\"widget\" data-e-type=\"widget\" data-settings=\"{&quot;ekit_we_effect_on&quot;:&quot;none&quot;}\" data-widget_type=\"button.default\">\n\t\t\t\t<div class=\"elementor-widget-container\">\n\t\t\t\t\t\t\t\t\t<div class=\"elementor-button-wrapper\">\n\t\t\t\t\t<a class=\"elementor-button elementor-button-link elementor-size-sm\" href=\"#\">\n\t\t\t\t\t\t<span class=\"elementor-button-content-wrapper\">\n\t\t\t\t\t\t\t\t\t<span class=\"elementor-button-text\">JE RECHERCHE UN MENUISIER<\/span>\n\t\t\t\t\t<\/span>\n\t\t\t\t\t<\/a>\n\t\t\t\t<\/div>\n\t\t\t\t\t\t\t\t<\/div>\n\t\t\t\t<\/div>\n\t\t\t\t<div class=\"elementor-element elementor-element-b90902f elementor-align-left elementor-mobile-align-center elementor-widget elementor-widget-button\" data-id=\"b90902f\" data-element_type=\"widget\" data-e-type=\"widget\" data-settings=\"{&quot;ekit_we_effect_on&quot;:&quot;none&quot;}\" data-widget_type=\"button.default\">\n\t\t\t\t<div class=\"elementor-widget-container\">\n\t\t\t\t\t\t\t\t\t<div class=\"elementor-button-wrapper\">\n\t\t\t\t\t<a class=\"elementor-button elementor-button-link elementor-size-sm\" href=\"#\">\n\t\t\t\t\t\t<span class=\"elementor-button-content-wrapper\">\n\t\t\t\t\t\t\t\t\t<span class=\"elementor-button-text\">JE PROPOSE DES SERVICES DE MENUISERIE<\/span>\n\t\t\t\t\t<\/span>\n\t\t\t\t\t<\/a>\n\t\t\t\t<\/div>\n\t\t\t\t\t\t\t\t<\/div>\n\t\t\t\t<\/div>\n\t\t\t\t<\/div>\n\t\t\t\t<\/div>\n\t\t\t\t<\/div>\n\t\t","protected":false},"excerpt":{"rendered":"<p>Menuiserie Int\u00e9rieure et Ext\u00e9rieure Nos menuisiers r\u00e9alisent vos projets sur mesure avec savoir-faire et pr\u00e9cision. Prestations menuiserie : \u2713 Fabrication meubles sur mesure \u2713 Pose portes et fen\u00eatres \u2713 Agencement int\u00e9rieur \u2713 Terrasse bois et pergola \u2713 Escaliers en bois \u2713 Parquet et lambris \u2713 R\u00e9novation menuiseries Bois tropical sp\u00e9cialis\u00e9 Expertise en essences locales adapt\u00e9es [&hellip;]<\/p>\n","protected":false},"author":1,"featured_media":255,"comment_status":"open","ping_status":"open","sticky":false,"template":"elementor_header_footer","format":"standard","meta":{"_acf_changed":false,"footnotes":""},"categories":[599],"tags":[],"class_list":["post-3154","post","type-post","status-publish","format-standard","has-post-thumbnail","hentry","category-nos-services"],"acf":[],"_links":{"self":[{"href":"https:\/\/feybamwen.fr\/chantier\/wp-json\/wp\/v2\/posts\/3154","targetHints":{"allow":["GET"]}}],"collection":[{"href":"https:\/\/feybamwen.fr\/chantier\/wp-json\/wp\/v2\/posts"}],"about":[{"href":"https:\/\/feybamwen.fr\/chantier\/wp-json\/wp\/v2\/types\/post"}],"author":[{"embeddable":true,"href":"https:\/\/feybamwen.fr\/chantier\/wp-json\/wp\/v2\/users\/1"}],"replies":[{"embeddable":true,"href":"https:\/\/feybamwen.fr\/chantier\/wp-json\/wp\/v2\/comments?post=3154"}],"version-history":[{"count":13,"href":"https:\/\/feybamwen.fr\/chantier\/wp-json\/wp\/v2\/posts\/3154\/revisions"}],"predecessor-version":[{"id":3664,"href":"https:\/\/feybamwen.fr\/chantier\/wp-json\/wp\/v2\/posts\/3154\/revisions\/3664"}],"wp:featuredmedia":[{"embeddable":true,"href":"https:\/\/feybamwen.fr\/chantier\/wp-json\/wp\/v2\/media\/255"}],"wp:attachment":[{"href":"https:\/\/feybamwen.fr\/chantier\/wp-json\/wp\/v2\/media?parent=3154"}],"wp:term":[{"taxonomy":"category","embeddable":true,"href":"https:\/\/feybamwen.fr\/chantier\/wp-json\/wp\/v2\/categories?post=3154"},{"taxonomy":"post_tag","embeddable":true,"href":"https:\/\/feybamwen.fr\/chantier\/wp-json\/wp\/v2\/tags?post=3154"}],"curies":[{"name":"wp","href":"https:\/\/api.w.org\/{rel}","templated":true}]}}