{"id":3151,"date":"2026-01-13T16:30:01","date_gmt":"2026-01-13T15:30:01","guid":{"rendered":"https:\/\/feybamwen.fr\/chantier\/?page_id=3151"},"modified":"2026-09-02T23:25:38","modified_gmt":"2026-09-02T21:25:38","slug":"coiffure","status":"publish","type":"post","link":"https:\/\/feybamwen.fr\/chantier\/coiffure\/","title":{"rendered":"Coiffure"},"content":{"rendered":"\t\t<div data-elementor-type=\"wp-post\" data-elementor-id=\"3151\" class=\"elementor elementor-3151\" data-elementor-post-type=\"post\">\n\t\t\t\t<div class=\"elementor-element elementor-element-6e59b7e e-con-full e-flex e-con e-parent\" data-id=\"6e59b7e\" data-element_type=\"container\" data-e-type=\"container\">\n\t\t<div class=\"elementor-element elementor-element-26629d7 e-con-full e-flex e-con e-child\" data-id=\"26629d7\" data-element_type=\"container\" data-e-type=\"container\" data-settings=\"{&quot;background_background&quot;:&quot;classic&quot;}\">\n\t\t\t\t<\/div>\n\t\t<div class=\"elementor-element elementor-element-8054c75 e-con-full e-flex e-con e-child\" data-id=\"8054c75\" data-element_type=\"container\" data-e-type=\"container\">\n\t\t<div class=\"elementor-element elementor-element-b147587 e-con-full e-flex e-con e-child\" data-id=\"b147587\" data-element_type=\"container\" data-e-type=\"container\" data-settings=\"{&quot;background_background&quot;:&quot;classic&quot;}\">\n\t\t\t\t<div class=\"elementor-element elementor-element-1728184 elementor-widget elementor-widget-spacer\" data-id=\"1728184\" data-element_type=\"widget\" data-e-type=\"widget\" data-settings=\"{&quot;ekit_we_effect_on&quot;:&quot;none&quot;}\" data-widget_type=\"spacer.default\">\n\t\t\t\t<div class=\"elementor-widget-container\">\n\t\t\t\t\t\t\t<div class=\"elementor-spacer\">\n\t\t\t<div class=\"elementor-spacer-inner\"><\/div>\n\t\t<\/div>\n\t\t\t\t\t\t<\/div>\n\t\t\t\t<\/div>\n\t\t\t\t<\/div>\n\t\t<div class=\"elementor-element elementor-element-1723816 e-con-full e-flex e-con e-child\" data-id=\"1723816\" data-element_type=\"container\" data-e-type=\"container\">\n\t\t\t\t<div class=\"elementor-element elementor-element-50f2be7 elementor-widget elementor-widget-html\" data-id=\"50f2be7\" data-element_type=\"widget\" data-e-type=\"widget\" data-settings=\"{&quot;ekit_we_effect_on&quot;:&quot;none&quot;}\" data-widget_type=\"html.default\">\n\t\t\t\t<div class=\"elementor-widget-container\">\n\t\t\t\t\t<div style=\"padding: 10px 0;\">\n\n    <h2 style=\"font-size: 1.7rem; font-weight: 700; color: #1A1A1A; margin: 0 0 18px 0; line-height: 1.3;\">\n        Services de Coiffure \u00e0 Domicile\n    <\/h2>\n\n    <p style=\"font-size: 1rem; color: #4A4A4A; line-height: 1.7; font-weight: 300; margin: 0 0 30px 0;\">\n        Profitez de prestations coiffure professionnelles dans le confort de votre domicile.\n    <\/p>\n\n    <h3 style=\"font-size: 1.1rem; font-weight: 600; color: #1A1A1A; margin: 0 0 18px 0;\">\n        Nos prestations coiffure :\n    <\/h3>\n\n    <ul style=\"list-style: none; padding: 0; margin: 0 0 30px 0;\">\n        <li style=\"display: flex; align-items: flex-start; gap: 10px; padding: 8px 0; color: #4A4A4A; font-size: 0.95rem; font-weight: 300;\">\n            <span style=\"color: #C17A3D; font-weight: 700;\">\u2713<\/span> Coupe femme, homme, enfant\n        <\/li>\n        <li style=\"display: flex; align-items: flex-start; gap: 10px; padding: 8px 0; color: #4A4A4A; font-size: 0.95rem; font-weight: 300;\">\n            <span style=\"color: #C17A3D; font-weight: 700;\">\u2713<\/span> Coloration et m\u00e8ches\n        <\/li>\n        <li style=\"display: flex; align-items: flex-start; gap: 10px; padding: 8px 0; color: #4A4A4A; font-size: 0.95rem; font-weight: 300;\">\n            <span style=\"color: #C17A3D; font-weight: 700;\">\u2713<\/span> D\u00e9frisage et lissage\n        <\/li>\n        <li style=\"display: flex; align-items: flex-start; gap: 10px; padding: 8px 0; color: #4A4A4A; font-size: 0.95rem; font-weight: 300;\">\n            <span style=\"color: #C17A3D; font-weight: 700;\">\u2713<\/span> Tresses et nattes\n        <\/li>\n        <li style=\"display: flex; align-items: flex-start; gap: 10px; padding: 8px 0; color: #4A4A4A; font-size: 0.95rem; font-weight: 300;\">\n            <span style=\"color: #C17A3D; font-weight: 700;\">\u2713<\/span> Coiffure \u00e9v\u00e9nementielle\n        <\/li>\n        <li style=\"display: flex; align-items: flex-start; gap: 10px; padding: 8px 0; color: #4A4A4A; font-size: 0.95rem; font-weight: 300;\">\n            <span style=\"color: #C17A3D; font-weight: 700;\">\u2713<\/span> Soins capillaires\n        <\/li>\n        <li style=\"display: flex; align-items: flex-start; gap: 10px; padding: 8px 0; color: #4A4A4A; font-size: 0.95rem; font-weight: 300;\">\n            <span style=\"color: #C17A3D; font-weight: 700;\">\u2713<\/span> Coiffure afro sp\u00e9cialis\u00e9e\n        <\/li>\n    <\/ul>\n\n    <h3 style=\"font-size: 1.1rem; font-weight: 600; color: #1A1A1A; margin: 0 0 12px 0;\">\n        Coiffure \u00e0 domicile\n    <\/h3>\n\n    <p style=\"font-size: 0.95rem; color: #4A4A4A; line-height: 1.7; font-weight: 300; margin: 0;\">\n        Confort et professionnalisme, d\u00e9placement dans toute la Martinique.\n    <\/p>\n\n<\/div>\t\t\t\t<\/div>\n\t\t\t\t<\/div>\n\t\t\t\t<\/div>\n\t\t\t\t<\/div>\n\t\t<div class=\"elementor-element elementor-element-8d42122 e-grid e-con-full e-con e-child\" data-id=\"8d42122\" data-element_type=\"container\" data-e-type=\"container\" data-settings=\"{&quot;background_background&quot;:&quot;classic&quot;}\">\n\t\t\t\t<div class=\"elementor-element elementor-element-eab567d elementor-align-right elementor-mobile-align-center elementor-widget elementor-widget-button\" data-id=\"eab567d\" data-element_type=\"widget\" data-e-type=\"widget\" data-settings=\"{&quot;ekit_we_effect_on&quot;:&quot;none&quot;}\" data-widget_type=\"button.default\">\n\t\t\t\t<div class=\"elementor-widget-container\">\n\t\t\t\t\t\t\t\t\t<div class=\"elementor-button-wrapper\">\n\t\t\t\t\t<a class=\"elementor-button elementor-button-link elementor-size-sm\" href=\"#\">\n\t\t\t\t\t\t<span class=\"elementor-button-content-wrapper\">\n\t\t\t\t\t\t\t\t\t<span class=\"elementor-button-text\">JE RECHERCHE UN COIFFEUR<\/span>\n\t\t\t\t\t<\/span>\n\t\t\t\t\t<\/a>\n\t\t\t\t<\/div>\n\t\t\t\t\t\t\t\t<\/div>\n\t\t\t\t<\/div>\n\t\t\t\t<div class=\"elementor-element elementor-element-808ccfc elementor-align-left elementor-mobile-align-center elementor-widget elementor-widget-button\" data-id=\"808ccfc\" data-element_type=\"widget\" data-e-type=\"widget\" data-settings=\"{&quot;ekit_we_effect_on&quot;:&quot;none&quot;}\" data-widget_type=\"button.default\">\n\t\t\t\t<div class=\"elementor-widget-container\">\n\t\t\t\t\t\t\t\t\t<div class=\"elementor-button-wrapper\">\n\t\t\t\t\t<a class=\"elementor-button elementor-button-link elementor-size-sm\" href=\"#\">\n\t\t\t\t\t\t<span class=\"elementor-button-content-wrapper\">\n\t\t\t\t\t\t\t\t\t<span class=\"elementor-button-text\">JE PROPOSE DES SERVICES DE COIFFURE<\/span>\n\t\t\t\t\t<\/span>\n\t\t\t\t\t<\/a>\n\t\t\t\t<\/div>\n\t\t\t\t\t\t\t\t<\/div>\n\t\t\t\t<\/div>\n\t\t\t\t<\/div>\n\t\t\t\t<\/div>\n\t\t\t\t<\/div>\n\t\t","protected":false},"excerpt":{"rendered":"<p>Services de Coiffure \u00e0 Domicile Profitez de prestations coiffure professionnelles dans le confort de votre domicile. Nos prestations coiffure : \u2713 Coupe femme, homme, enfant \u2713 Coloration et m\u00e8ches \u2713 D\u00e9frisage et lissage \u2713 Tresses et nattes \u2713 Coiffure \u00e9v\u00e9nementielle \u2713 Soins capillaires \u2713 Coiffure afro sp\u00e9cialis\u00e9e Coiffure \u00e0 domicile Confort et professionnalisme, d\u00e9placement dans [&hellip;]<\/p>\n","protected":false},"author":1,"featured_media":274,"comment_status":"open","ping_status":"open","sticky":false,"template":"elementor_header_footer","format":"standard","meta":{"_acf_changed":false,"footnotes":""},"categories":[599],"tags":[],"class_list":["post-3151","post","type-post","status-publish","format-standard","has-post-thumbnail","hentry","category-nos-services"],"acf":[],"_links":{"self":[{"href":"https:\/\/feybamwen.fr\/chantier\/wp-json\/wp\/v2\/posts\/3151","targetHints":{"allow":["GET"]}}],"collection":[{"href":"https:\/\/feybamwen.fr\/chantier\/wp-json\/wp\/v2\/posts"}],"about":[{"href":"https:\/\/feybamwen.fr\/chantier\/wp-json\/wp\/v2\/types\/post"}],"author":[{"embeddable":true,"href":"https:\/\/feybamwen.fr\/chantier\/wp-json\/wp\/v2\/users\/1"}],"replies":[{"embeddable":true,"href":"https:\/\/feybamwen.fr\/chantier\/wp-json\/wp\/v2\/comments?post=3151"}],"version-history":[{"count":10,"href":"https:\/\/feybamwen.fr\/chantier\/wp-json\/wp\/v2\/posts\/3151\/revisions"}],"predecessor-version":[{"id":3655,"href":"https:\/\/feybamwen.fr\/chantier\/wp-json\/wp\/v2\/posts\/3151\/revisions\/3655"}],"wp:featuredmedia":[{"embeddable":true,"href":"https:\/\/feybamwen.fr\/chantier\/wp-json\/wp\/v2\/media\/274"}],"wp:attachment":[{"href":"https:\/\/feybamwen.fr\/chantier\/wp-json\/wp\/v2\/media?parent=3151"}],"wp:term":[{"taxonomy":"category","embeddable":true,"href":"https:\/\/feybamwen.fr\/chantier\/wp-json\/wp\/v2\/categories?post=3151"},{"taxonomy":"post_tag","embeddable":true,"href":"https:\/\/feybamwen.fr\/chantier\/wp-json\/wp\/v2\/tags?post=3151"}],"curies":[{"name":"wp","href":"https:\/\/api.w.org\/{rel}","templated":true}]}}